{"id":3202,"date":"2026-02-23T23:31:17","date_gmt":"2026-02-23T23:31:17","guid":{"rendered":"https:\/\/federalnoticias.fmmiradio.com\/?p=3202"},"modified":"2026-02-23T23:31:18","modified_gmt":"2026-02-23T23:31:18","slug":"trump-desmiente-informaciones-sobre-supuestas-dudas-del-jefe-del-estado-mayor-conjunto-sobre-ataque-a-iran","status":"publish","type":"post","link":"https:\/\/federalnoticias.fmmiradio.com\/?p=3202","title":{"rendered":"Trump desmiente informaciones sobre supuestas dudas del jefe del Estado Mayor Conjunto sobre ataque a Ir\u00e1n"},"content":{"rendered":"\n<p>\u201cNo ha hablado de no atacar a Ir\u00e1n, ni siquiera de los falsos ataques limitados sobre los que he estado leyendo\u201d, dijo el mandatario norteamericano.<\/p>\n\n\n\n<figure class=\"wp-block-image size-large\"><a href=\"https:\/\/api.whatsapp.com\/send\/?phone=541122457127&amp;text&amp;type=phone_number&amp;app_absent=0\"><img loading=\"lazy\" decoding=\"async\" width=\"1024\" height=\"142\" src=\"https:\/\/federalnoticias.fmmiradio.com\/wp-content\/uploads\/2024\/12\/whashap-para-el-diario-1024x142.jpg\" alt=\"\" class=\"wp-image-2159\" srcset=\"https:\/\/federalnoticias.fmmiradio.com\/wp-content\/uploads\/2024\/12\/whashap-para-el-diario-1024x142.jpg 1024w, https:\/\/federalnoticias.fmmiradio.com\/wp-content\/uploads\/2024\/12\/whashap-para-el-diario-300x42.jpg 300w, https:\/\/federalnoticias.fmmiradio.com\/wp-content\/uploads\/2024\/12\/whashap-para-el-diario-768x107.jpg 768w, https:\/\/federalnoticias.fmmiradio.com\/wp-content\/uploads\/2024\/12\/whashap-para-el-diario-1050x147.jpg 1050w, https:\/\/federalnoticias.fmmiradio.com\/wp-content\/uploads\/2024\/12\/whashap-para-el-diario.jpg 1060w\" sizes=\"auto, (max-width: 1024px) 100vw, 1024px\" \/><\/a><\/figure>\n\n\n\n<p>El presidente de Estados Unidos, Donald Trump, desminti\u00f3 este lunes informaciones \u201cfalsas\u201d que atribuyeron al jefe del Estado Mayor Conjunto de las Fuerzas Armadas, general Daniel Caine, dudas sobre un posible ataque militar sobre Ir\u00e1n.<\/p>\n\n\n\n<p>\u201cNo ha hablado de no atacar a Ir\u00e1n, ni siquiera de los falsos ataques limitados sobre los que he estado leyendo; solo sabe una cosa: c\u00f3mo GANAR, y si se le ordena hacerlo, liderar\u00e1 el grupo\u201d, dijo el mandatario norteamericano en la red Truth Social, que accedi\u00f3 la Agencia Noticias Argentinas.<\/p>\n\n\n\n<p>\u201cEl general Caine, como todos nosotros, no querr\u00eda ver una guerra, pero si se decide ir contra Ir\u00e1n a nivel militar, opina que ser\u00e1 una victoria f\u00e1cil\u201d, agreg\u00f3 Trump.<\/p>\n\n\n\n<figure class=\"wp-block-image size-large\"><img loading=\"lazy\" decoding=\"async\" width=\"1024\" height=\"256\" src=\"https:\/\/federalnoticias.fmmiradio.com\/wp-content\/uploads\/2024\/11\/Blue-Modern-Professional-LinkedIn-Banner-7-1024x256.png\" alt=\"\" class=\"wp-image-1926\" srcset=\"https:\/\/federalnoticias.fmmiradio.com\/wp-content\/uploads\/2024\/11\/Blue-Modern-Professional-LinkedIn-Banner-7-1024x256.png 1024w, https:\/\/federalnoticias.fmmiradio.com\/wp-content\/uploads\/2024\/11\/Blue-Modern-Professional-LinkedIn-Banner-7-300x75.png 300w, https:\/\/federalnoticias.fmmiradio.com\/wp-content\/uploads\/2024\/11\/Blue-Modern-Professional-LinkedIn-Banner-7-768x192.png 768w, https:\/\/federalnoticias.fmmiradio.com\/wp-content\/uploads\/2024\/11\/Blue-Modern-Professional-LinkedIn-Banner-7-1536x384.png 1536w, https:\/\/federalnoticias.fmmiradio.com\/wp-content\/uploads\/2024\/11\/Blue-Modern-Professional-LinkedIn-Banner-7.png 1584w\" sizes=\"auto, (max-width: 1024px) 100vw, 1024px\" \/><\/figure>\n\n\n\n<p>Trump sostuvo que \u201ctodo lo que se ha escrito sobre una posible guerra con Ir\u00e1n se ha escrito incorrectamente, y a prop\u00f3sito, soy yo quien toma la decisi\u00f3n; prefiero un acuerdo a no hacerlo, pero si no lo hacemos, ser\u00e1 un d\u00eda muy malo para ese pa\u00eds y, muy tristemente, para su gente, porque son grandes y maravillosos, y algo as\u00ed nunca deber\u00eda haberles sucedido\u201d.<\/p>\n\n\n\n<p>El presidente estadounidense sali\u00f3 al cruce de informes period\u00edsticos que dan cuenta de que el general Caine advirti\u00f3 a la Casa Blanca que la falta de municiones y de apoyo de los aliados podr\u00eda suponer un mayor peligro para las tropas estadounidenses en un posible ataque contra Ir\u00e1n, informaron el lunes varios medios de comunicaci\u00f3n estadounidenses y reflej\u00f3 la agencia Xinhua.<\/p>\n\n\n\n<p>Seg\u00fan esas informaciones, Caine le habr\u00eda dicho a Trump y a sus principales asesores en una reuni\u00f3n en la Casa Blanca la semana pasada que cualquier operaci\u00f3n importante contra Ir\u00e1n enfrentar\u00e1 desaf\u00edos porque el arsenal de municiones estadounidense se ha reducido significativamente por la continua defensa de Washington de Israel y su apoyo a Ucrania, inform\u00f3 The Washington Post, citando fuentes familiarizadas con las discusiones.<\/p>\n\n\n\n<figure class=\"wp-block-image size-large\"><img loading=\"lazy\" decoding=\"async\" width=\"1024\" height=\"256\" src=\"https:\/\/federalnoticias.fmmiradio.com\/wp-content\/uploads\/2024\/11\/Blue-and-White-Geometric-Real-Estate-LinkedIn-Background-Photo-6-1024x256.png\" alt=\"\" class=\"wp-image-1927\" srcset=\"https:\/\/federalnoticias.fmmiradio.com\/wp-content\/uploads\/2024\/11\/Blue-and-White-Geometric-Real-Estate-LinkedIn-Background-Photo-6-1024x256.png 1024w, https:\/\/federalnoticias.fmmiradio.com\/wp-content\/uploads\/2024\/11\/Blue-and-White-Geometric-Real-Estate-LinkedIn-Background-Photo-6-300x75.png 300w, https:\/\/federalnoticias.fmmiradio.com\/wp-content\/uploads\/2024\/11\/Blue-and-White-Geometric-Real-Estate-LinkedIn-Background-Photo-6-768x192.png 768w, https:\/\/federalnoticias.fmmiradio.com\/wp-content\/uploads\/2024\/11\/Blue-and-White-Geometric-Real-Estate-LinkedIn-Background-Photo-6-1536x384.png 1536w, https:\/\/federalnoticias.fmmiradio.com\/wp-content\/uploads\/2024\/11\/Blue-and-White-Geometric-Real-Estate-LinkedIn-Background-Photo-6.png 1584w\" sizes=\"auto, (max-width: 1024px) 100vw, 1024px\" \/><\/figure>\n\n\n\n<p>Caine tambi\u00e9n advirti\u00f3 a Trump que una campa\u00f1a militar contra Ir\u00e1n podr\u00eda conducir a un conflicto prolongado, inform\u00f3 Axios el lunes.<\/p>\n\n\n\n<p>Muchos analistas han se\u00f1alado que la pr\u00f3xima ronda de conversaciones entre Estados Unidos e Ir\u00e1n probablemente sea la \u00faltima oportunidad diplom\u00e1tica antes de una posible operaci\u00f3n militar conjunta a gran escala entre Estados Unidos e Israel contra Ir\u00e1n.<\/p>\n\n\n\n<p>La administraci\u00f3n Trump ha estado desplegando un gran n\u00famero de fuerzas militares en Oriente Medio. Trump declar\u00f3 el viernes que est\u00e1 considerando un ataque militar limitado contra Ir\u00e1n.<\/p>\n\n\n\n<figure class=\"wp-block-image size-large\"><img loading=\"lazy\" decoding=\"async\" width=\"1024\" height=\"175\" src=\"https:\/\/federalnoticias.fmmiradio.com\/wp-content\/uploads\/2024\/11\/publi-para-diario-12-1024x175.png\" alt=\"\" class=\"wp-image-1922\" srcset=\"https:\/\/federalnoticias.fmmiradio.com\/wp-content\/uploads\/2024\/11\/publi-para-diario-12-1024x175.png 1024w, https:\/\/federalnoticias.fmmiradio.com\/wp-content\/uploads\/2024\/11\/publi-para-diario-12-300x51.png 300w, https:\/\/federalnoticias.fmmiradio.com\/wp-content\/uploads\/2024\/11\/publi-para-diario-12-768x132.png 768w, https:\/\/federalnoticias.fmmiradio.com\/wp-content\/uploads\/2024\/11\/publi-para-diario-12.png 1366w\" sizes=\"auto, (max-width: 1024px) 100vw, 1024px\" \/><\/figure>\n\n\n\n<p><\/p>\n","protected":false},"excerpt":{"rendered":"<p>\u201cNo ha hablado de no atacar a Ir\u00e1n, ni siquiera de los falsos ataques limitados sobre los que he estado leyendo\u201d, dijo el mandatario norteamericano. El presidente de Estados Unidos, Donald Trump, desminti\u00f3 este lunes informaciones \u201cfalsas\u201d que atribuyeron al jefe del Estado Mayor Conjunto de las Fuerzas Armadas, general Daniel Caine, dudas sobre un &hellip;<\/p>\n","protected":false},"author":4,"featured_media":3203,"comment_status":"open","ping_status":"open","sticky":false,"template":"","format":"standard","meta":{"footnotes":""},"categories":[107],"tags":[],"class_list":["post-3202","post","type-post","status-publish","format-standard","has-post-thumbnail","","category-internacionales"],"yoast_head":"<!-- This site is optimized with the Yoast SEO plugin v26.8 - https:\/\/yoast.com\/product\/yoast-seo-wordpress\/ -->\n<title>Trump desmiente informaciones sobre supuestas dudas del jefe del Estado Mayor Conjunto sobre ataque a Ir\u00e1n - FEDERAL NOTICIAS<\/title>\n<meta name=\"robots\" content=\"index, follow, max-snippet:-1, max-image-preview:large, max-video-preview:-1\" \/>\n<link rel=\"canonical\" href=\"https:\/\/federalnoticias.fmmiradio.com\/?p=3202\" \/>\n<meta property=\"og:locale\" content=\"es_ES\" \/>\n<meta property=\"og:type\" content=\"article\" \/>\n<meta property=\"og:title\" content=\"Trump desmiente informaciones sobre supuestas dudas del jefe del Estado Mayor Conjunto sobre ataque a Ir\u00e1n - FEDERAL NOTICIAS\" \/>\n<meta property=\"og:description\" content=\"\u201cNo ha hablado de no atacar a Ir\u00e1n, ni siquiera de los falsos ataques limitados sobre los que he estado leyendo\u201d, dijo el mandatario norteamericano. El presidente de Estados Unidos, Donald Trump, desminti\u00f3 este lunes informaciones \u201cfalsas\u201d que atribuyeron al jefe del Estado Mayor Conjunto de las Fuerzas Armadas, general Daniel Caine, dudas sobre un &hellip;\" \/>\n<meta property=\"og:url\" content=\"https:\/\/federalnoticias.fmmiradio.com\/?p=3202\" \/>\n<meta property=\"og:site_name\" content=\"FEDERAL NOTICIAS\" \/>\n<meta property=\"article:published_time\" content=\"2026-02-23T23:31:17+00:00\" \/>\n<meta property=\"article:modified_time\" content=\"2026-02-23T23:31:18+00:00\" \/>\n<meta property=\"og:image\" content=\"https:\/\/federalnoticias.fmmiradio.com\/wp-content\/uploads\/2026\/02\/Sin-titulo-7.jpg\" \/>\n\t<meta property=\"og:image:width\" content=\"981\" \/>\n\t<meta property=\"og:image:height\" content=\"720\" \/>\n\t<meta property=\"og:image:type\" content=\"image\/jpeg\" \/>\n<meta name=\"author\" content=\"federal\" \/>\n<meta name=\"twitter:card\" content=\"summary_large_image\" \/>\n<meta name=\"twitter:label1\" content=\"Escrito por\" \/>\n\t<meta name=\"twitter:data1\" content=\"federal\" \/>\n\t<meta name=\"twitter:label2\" content=\"Tiempo de lectura\" \/>\n\t<meta name=\"twitter:data2\" content=\"3 minutos\" \/>\n<script type=\"application\/ld+json\" class=\"yoast-schema-graph\">{\"@context\":\"https:\/\/schema.org\",\"@graph\":[{\"@type\":\"Article\",\"@id\":\"https:\/\/federalnoticias.fmmiradio.com\/?p=3202#article\",\"isPartOf\":{\"@id\":\"https:\/\/federalnoticias.fmmiradio.com\/?p=3202\"},\"author\":{\"name\":\"federal\",\"@id\":\"https:\/\/federalnoticias.fmmiradio.com\/#\/schema\/person\/657e2894f63f5840174f25b5548137ff\"},\"headline\":\"Trump desmiente informaciones sobre supuestas dudas del jefe del Estado Mayor Conjunto sobre ataque a Ir\u00e1n\",\"datePublished\":\"2026-02-23T23:31:17+00:00\",\"dateModified\":\"2026-02-23T23:31:18+00:00\",\"mainEntityOfPage\":{\"@id\":\"https:\/\/federalnoticias.fmmiradio.com\/?p=3202\"},\"wordCount\":471,\"commentCount\":0,\"image\":{\"@id\":\"https:\/\/federalnoticias.fmmiradio.com\/?p=3202#primaryimage\"},\"thumbnailUrl\":\"https:\/\/federalnoticias.fmmiradio.com\/wp-content\/uploads\/2026\/02\/Sin-titulo-7.jpg\",\"articleSection\":[\"INTERNACIONALES\"],\"inLanguage\":\"es\",\"potentialAction\":[{\"@type\":\"CommentAction\",\"name\":\"Comment\",\"target\":[\"https:\/\/federalnoticias.fmmiradio.com\/?p=3202#respond\"]}]},{\"@type\":\"WebPage\",\"@id\":\"https:\/\/federalnoticias.fmmiradio.com\/?p=3202\",\"url\":\"https:\/\/federalnoticias.fmmiradio.com\/?p=3202\",\"name\":\"Trump desmiente informaciones sobre supuestas dudas del jefe del Estado Mayor Conjunto sobre ataque a Ir\u00e1n - FEDERAL NOTICIAS\",\"isPartOf\":{\"@id\":\"https:\/\/federalnoticias.fmmiradio.com\/#website\"},\"primaryImageOfPage\":{\"@id\":\"https:\/\/federalnoticias.fmmiradio.com\/?p=3202#primaryimage\"},\"image\":{\"@id\":\"https:\/\/federalnoticias.fmmiradio.com\/?p=3202#primaryimage\"},\"thumbnailUrl\":\"https:\/\/federalnoticias.fmmiradio.com\/wp-content\/uploads\/2026\/02\/Sin-titulo-7.jpg\",\"datePublished\":\"2026-02-23T23:31:17+00:00\",\"dateModified\":\"2026-02-23T23:31:18+00:00\",\"author\":{\"@id\":\"https:\/\/federalnoticias.fmmiradio.com\/#\/schema\/person\/657e2894f63f5840174f25b5548137ff\"},\"breadcrumb\":{\"@id\":\"https:\/\/federalnoticias.fmmiradio.com\/?p=3202#breadcrumb\"},\"inLanguage\":\"es\",\"potentialAction\":[{\"@type\":\"ReadAction\",\"target\":[\"https:\/\/federalnoticias.fmmiradio.com\/?p=3202\"]}]},{\"@type\":\"ImageObject\",\"inLanguage\":\"es\",\"@id\":\"https:\/\/federalnoticias.fmmiradio.com\/?p=3202#primaryimage\",\"url\":\"https:\/\/federalnoticias.fmmiradio.com\/wp-content\/uploads\/2026\/02\/Sin-titulo-7.jpg\",\"contentUrl\":\"https:\/\/federalnoticias.fmmiradio.com\/wp-content\/uploads\/2026\/02\/Sin-titulo-7.jpg\",\"width\":981,\"height\":720},{\"@type\":\"BreadcrumbList\",\"@id\":\"https:\/\/federalnoticias.fmmiradio.com\/?p=3202#breadcrumb\",\"itemListElement\":[{\"@type\":\"ListItem\",\"position\":1,\"name\":\"Portada\",\"item\":\"https:\/\/federalnoticias.fmmiradio.com\/\"},{\"@type\":\"ListItem\",\"position\":2,\"name\":\"Trump desmiente informaciones sobre supuestas dudas del jefe del Estado Mayor Conjunto sobre ataque a Ir\u00e1n\"}]},{\"@type\":\"WebSite\",\"@id\":\"https:\/\/federalnoticias.fmmiradio.com\/#website\",\"url\":\"https:\/\/federalnoticias.fmmiradio.com\/\",\"name\":\"FEDERAL NOTICIAS\",\"description\":\"\",\"potentialAction\":[{\"@type\":\"SearchAction\",\"target\":{\"@type\":\"EntryPoint\",\"urlTemplate\":\"https:\/\/federalnoticias.fmmiradio.com\/?s={search_term_string}\"},\"query-input\":{\"@type\":\"PropertyValueSpecification\",\"valueRequired\":true,\"valueName\":\"search_term_string\"}}],\"inLanguage\":\"es\"},{\"@type\":\"Person\",\"@id\":\"https:\/\/federalnoticias.fmmiradio.com\/#\/schema\/person\/657e2894f63f5840174f25b5548137ff\",\"name\":\"federal\",\"image\":{\"@type\":\"ImageObject\",\"inLanguage\":\"es\",\"@id\":\"https:\/\/federalnoticias.fmmiradio.com\/#\/schema\/person\/image\/\",\"url\":\"https:\/\/secure.gravatar.com\/avatar\/f6ee1541937ff3e68dac011173779bde?s=96&d=mm&r=g\",\"contentUrl\":\"https:\/\/secure.gravatar.com\/avatar\/f6ee1541937ff3e68dac011173779bde?s=96&d=mm&r=g\",\"caption\":\"federal\"},\"url\":\"https:\/\/federalnoticias.fmmiradio.com\/?author=4\"}]}<\/script>\n<!-- \/ Yoast SEO plugin. -->","yoast_head_json":{"title":"Trump desmiente informaciones sobre supuestas dudas del jefe del Estado Mayor Conjunto sobre ataque a Ir\u00e1n - FEDERAL NOTICIAS","robots":{"index":"index","follow":"follow","max-snippet":"max-snippet:-1","max-image-preview":"max-image-preview:large","max-video-preview":"max-video-preview:-1"},"canonical":"https:\/\/federalnoticias.fmmiradio.com\/?p=3202","og_locale":"es_ES","og_type":"article","og_title":"Trump desmiente informaciones sobre supuestas dudas del jefe del Estado Mayor Conjunto sobre ataque a Ir\u00e1n - FEDERAL NOTICIAS","og_description":"\u201cNo ha hablado de no atacar a Ir\u00e1n, ni siquiera de los falsos ataques limitados sobre los que he estado leyendo\u201d, dijo el mandatario norteamericano. El presidente de Estados Unidos, Donald Trump, desminti\u00f3 este lunes informaciones \u201cfalsas\u201d que atribuyeron al jefe del Estado Mayor Conjunto de las Fuerzas Armadas, general Daniel Caine, dudas sobre un &hellip;","og_url":"https:\/\/federalnoticias.fmmiradio.com\/?p=3202","og_site_name":"FEDERAL NOTICIAS","article_published_time":"2026-02-23T23:31:17+00:00","article_modified_time":"2026-02-23T23:31:18+00:00","og_image":[{"width":981,"height":720,"url":"https:\/\/federalnoticias.fmmiradio.com\/wp-content\/uploads\/2026\/02\/Sin-titulo-7.jpg","type":"image\/jpeg"}],"author":"federal","twitter_card":"summary_large_image","twitter_misc":{"Escrito por":"federal","Tiempo de lectura":"3 minutos"},"schema":{"@context":"https:\/\/schema.org","@graph":[{"@type":"Article","@id":"https:\/\/federalnoticias.fmmiradio.com\/?p=3202#article","isPartOf":{"@id":"https:\/\/federalnoticias.fmmiradio.com\/?p=3202"},"author":{"name":"federal","@id":"https:\/\/federalnoticias.fmmiradio.com\/#\/schema\/person\/657e2894f63f5840174f25b5548137ff"},"headline":"Trump desmiente informaciones sobre supuestas dudas del jefe del Estado Mayor Conjunto sobre ataque a Ir\u00e1n","datePublished":"2026-02-23T23:31:17+00:00","dateModified":"2026-02-23T23:31:18+00:00","mainEntityOfPage":{"@id":"https:\/\/federalnoticias.fmmiradio.com\/?p=3202"},"wordCount":471,"commentCount":0,"image":{"@id":"https:\/\/federalnoticias.fmmiradio.com\/?p=3202#primaryimage"},"thumbnailUrl":"https:\/\/federalnoticias.fmmiradio.com\/wp-content\/uploads\/2026\/02\/Sin-titulo-7.jpg","articleSection":["INTERNACIONALES"],"inLanguage":"es","potentialAction":[{"@type":"CommentAction","name":"Comment","target":["https:\/\/federalnoticias.fmmiradio.com\/?p=3202#respond"]}]},{"@type":"WebPage","@id":"https:\/\/federalnoticias.fmmiradio.com\/?p=3202","url":"https:\/\/federalnoticias.fmmiradio.com\/?p=3202","name":"Trump desmiente informaciones sobre supuestas dudas del jefe del Estado Mayor Conjunto sobre ataque a Ir\u00e1n - FEDERAL NOTICIAS","isPartOf":{"@id":"https:\/\/federalnoticias.fmmiradio.com\/#website"},"primaryImageOfPage":{"@id":"https:\/\/federalnoticias.fmmiradio.com\/?p=3202#primaryimage"},"image":{"@id":"https:\/\/federalnoticias.fmmiradio.com\/?p=3202#primaryimage"},"thumbnailUrl":"https:\/\/federalnoticias.fmmiradio.com\/wp-content\/uploads\/2026\/02\/Sin-titulo-7.jpg","datePublished":"2026-02-23T23:31:17+00:00","dateModified":"2026-02-23T23:31:18+00:00","author":{"@id":"https:\/\/federalnoticias.fmmiradio.com\/#\/schema\/person\/657e2894f63f5840174f25b5548137ff"},"breadcrumb":{"@id":"https:\/\/federalnoticias.fmmiradio.com\/?p=3202#breadcrumb"},"inLanguage":"es","potentialAction":[{"@type":"ReadAction","target":["https:\/\/federalnoticias.fmmiradio.com\/?p=3202"]}]},{"@type":"ImageObject","inLanguage":"es","@id":"https:\/\/federalnoticias.fmmiradio.com\/?p=3202#primaryimage","url":"https:\/\/federalnoticias.fmmiradio.com\/wp-content\/uploads\/2026\/02\/Sin-titulo-7.jpg","contentUrl":"https:\/\/federalnoticias.fmmiradio.com\/wp-content\/uploads\/2026\/02\/Sin-titulo-7.jpg","width":981,"height":720},{"@type":"BreadcrumbList","@id":"https:\/\/federalnoticias.fmmiradio.com\/?p=3202#breadcrumb","itemListElement":[{"@type":"ListItem","position":1,"name":"Portada","item":"https:\/\/federalnoticias.fmmiradio.com\/"},{"@type":"ListItem","position":2,"name":"Trump desmiente informaciones sobre supuestas dudas del jefe del Estado Mayor Conjunto sobre ataque a Ir\u00e1n"}]},{"@type":"WebSite","@id":"https:\/\/federalnoticias.fmmiradio.com\/#website","url":"https:\/\/federalnoticias.fmmiradio.com\/","name":"FEDERAL NOTICIAS","description":"","potentialAction":[{"@type":"SearchAction","target":{"@type":"EntryPoint","urlTemplate":"https:\/\/federalnoticias.fmmiradio.com\/?s={search_term_string}"},"query-input":{"@type":"PropertyValueSpecification","valueRequired":true,"valueName":"search_term_string"}}],"inLanguage":"es"},{"@type":"Person","@id":"https:\/\/federalnoticias.fmmiradio.com\/#\/schema\/person\/657e2894f63f5840174f25b5548137ff","name":"federal","image":{"@type":"ImageObject","inLanguage":"es","@id":"https:\/\/federalnoticias.fmmiradio.com\/#\/schema\/person\/image\/","url":"https:\/\/secure.gravatar.com\/avatar\/f6ee1541937ff3e68dac011173779bde?s=96&d=mm&r=g","contentUrl":"https:\/\/secure.gravatar.com\/avatar\/f6ee1541937ff3e68dac011173779bde?s=96&d=mm&r=g","caption":"federal"},"url":"https:\/\/federalnoticias.fmmiradio.com\/?author=4"}]}},"_links":{"self":[{"href":"https:\/\/federalnoticias.fmmiradio.com\/index.php?rest_route=\/wp\/v2\/posts\/3202","targetHints":{"allow":["GET"]}}],"collection":[{"href":"https:\/\/federalnoticias.fmmiradio.com\/index.php?rest_route=\/wp\/v2\/posts"}],"about":[{"href":"https:\/\/federalnoticias.fmmiradio.com\/index.php?rest_route=\/wp\/v2\/types\/post"}],"author":[{"embeddable":true,"href":"https:\/\/federalnoticias.fmmiradio.com\/index.php?rest_route=\/wp\/v2\/users\/4"}],"replies":[{"embeddable":true,"href":"https:\/\/federalnoticias.fmmiradio.com\/index.php?rest_route=%2Fwp%2Fv2%2Fcomments&post=3202"}],"version-history":[{"count":1,"href":"https:\/\/federalnoticias.fmmiradio.com\/index.php?rest_route=\/wp\/v2\/posts\/3202\/revisions"}],"predecessor-version":[{"id":3204,"href":"https:\/\/federalnoticias.fmmiradio.com\/index.php?rest_route=\/wp\/v2\/posts\/3202\/revisions\/3204"}],"wp:featuredmedia":[{"embeddable":true,"href":"https:\/\/federalnoticias.fmmiradio.com\/index.php?rest_route=\/wp\/v2\/media\/3203"}],"wp:attachment":[{"href":"https:\/\/federalnoticias.fmmiradio.com\/index.php?rest_route=%2Fwp%2Fv2%2Fmedia&parent=3202"}],"wp:term":[{"taxonomy":"category","embeddable":true,"href":"https:\/\/federalnoticias.fmmiradio.com\/index.php?rest_route=%2Fwp%2Fv2%2Fcategories&post=3202"},{"taxonomy":"post_tag","embeddable":true,"href":"https:\/\/federalnoticias.fmmiradio.com\/index.php?rest_route=%2Fwp%2Fv2%2Ftags&post=3202"}],"curies":[{"name":"wp","href":"https:\/\/api.w.org\/{rel}","templated":true}]}}