{"id":3239,"date":"2026-03-07T17:19:09","date_gmt":"2026-03-07T17:19:09","guid":{"rendered":"https:\/\/federalnoticias.fmmiradio.com\/?p=3239"},"modified":"2026-03-07T17:19:11","modified_gmt":"2026-03-07T17:19:11","slug":"que-riesgos-enfrenta-argentina-por-su-alineamiento-con-washington-en-el-conflicto-de-medio-oriente","status":"publish","type":"post","link":"https:\/\/federalnoticias.fmmiradio.com\/?p=3239","title":{"rendered":"\u00bfQu\u00e9 riesgos enfrenta Argentina por su alineamiento con Washington en el conflicto de Medio Oriente?"},"content":{"rendered":"\n<p>Ante la escalada b\u00e9lica, el analista internacional Juan Negri cuestion\u00f3 la estrategia exterior del Gobierno y el costo de una lealtad total hacia Donald Trump.<\/p>\n\n\n\n<figure class=\"wp-block-image size-large\"><a href=\"https:\/\/api.whatsapp.com\/send\/?phone=541122457127&amp;text&amp;type=phone_number&amp;app_absent=0\"><img loading=\"lazy\" decoding=\"async\" width=\"1024\" height=\"142\" src=\"https:\/\/federalnoticias.fmmiradio.com\/wp-content\/uploads\/2024\/12\/whashap-para-el-diario-1024x142.jpg\" alt=\"\" class=\"wp-image-2159\" srcset=\"https:\/\/federalnoticias.fmmiradio.com\/wp-content\/uploads\/2024\/12\/whashap-para-el-diario-1024x142.jpg 1024w, https:\/\/federalnoticias.fmmiradio.com\/wp-content\/uploads\/2024\/12\/whashap-para-el-diario-300x42.jpg 300w, https:\/\/federalnoticias.fmmiradio.com\/wp-content\/uploads\/2024\/12\/whashap-para-el-diario-768x107.jpg 768w, https:\/\/federalnoticias.fmmiradio.com\/wp-content\/uploads\/2024\/12\/whashap-para-el-diario-1050x147.jpg 1050w, https:\/\/federalnoticias.fmmiradio.com\/wp-content\/uploads\/2024\/12\/whashap-para-el-diario.jpg 1060w\" sizes=\"auto, (max-width: 1024px) 100vw, 1024px\" \/><\/a><\/figure>\n\n\n\n<p>El analista internacional Juan Negri alert\u00f3 que el fuerte alineamiento del gobierno argentino con Estados Unidos en el conflicto de Medio Oriente puede exponer al pa\u00eds a riesgos geopol\u00edticos en un escenario internacional cada vez m\u00e1s tensionado. Seg\u00fan explic\u00f3, si Ir\u00e1n no queda debilitado tras la actual escalada, la pol\u00edtica exterior argentina podr\u00eda generar costos en el futuro.<\/p>\n\n\n\n<p>\u201cEl alineamiento est\u00e1 claro, no hay dudas\u201d, sostuvo Negri al analizar la estrategia diplom\u00e1tica del gobierno. En ese sentido, explic\u00f3 que la visi\u00f3n oficial parte de la idea de un mundo dividido por la disputa de poder entre Washington y Beijing. \u201cEn el gobierno argentino hay un esquema que plantea que estamos en un contexto de disputa hegem\u00f3nica entre China y Estados Unidos, donde se configura un mundo de amigos y enemigos\u201d, se\u00f1al\u00f3.<\/p>\n\n\n\n<p>De acuerdo con el especialista, esa l\u00f3gica lleva a ubicar a la Argentina dentro del bloque occidental. \u201cPor razones hist\u00f3ricas, culturales y geogr\u00e1ficas se entiende que Argentina no puede ser prochina y que le toca ser proestadounidense. A partir de ah\u00ed se supone que ese alineamiento traer\u00e1 beneficios\u201d, indic\u00f3 por Splendid AM 990.<\/p>\n\n\n\n<p>Negri reconoci\u00f3 que esa estrategia ya tuvo algunos resultados en t\u00e9rminos diplom\u00e1ticos. \u201cEstados Unidos ayud\u00f3 a la Argentina en distintos momentos recientes, aunque queda la duda de si ese respaldo se mantendr\u00e1 m\u00e1s all\u00e1 de la actual administraci\u00f3n\u201d,<\/p>\n\n\n\n<figure class=\"wp-block-image size-large\"><img decoding=\"async\" src=\"https:\/\/imgmedia.larepublica.pe\/1200x630\/larepublica\/original\/2025\/07\/16\/6877bba68abcf97ac106ed99.jpg\" alt=\"\" \/><\/figure>\n\n\n\n<p>Sin embargo, tambi\u00e9n advirti\u00f3 que el posicionamiento puede implicar riesgos si las tensiones internacionales se profundizan. \u201cTe coloca en un lugar inc\u00f3modo porque pas\u00e1s a involucrarte en conflictos que en principio no tendr\u00edas por qu\u00e9 protagonizar\u201d, afirm\u00f3. Aunque consider\u00f3 que la probabilidad de represalias iran\u00edes en el corto plazo es baja, remarc\u00f3 que el escenario podr\u00eda cambiar. \u201cSi Ir\u00e1n no queda debilitado luego de este conflicto y mantiene su pol\u00edtica exterior agresiva, ese alineamiento podr\u00eda tener consecuencias\u201d, sostuvo.<\/p>\n\n\n\n<p>En el plano internacional m\u00e1s amplio, seg\u00fan supo <strong>FEDERAL NOTICIAS<\/strong>, Negri describi\u00f3 un cambio en la l\u00f3gica de los conflictos armados contempor\u00e1neos. \u201cEstamos en un mundo donde los peque\u00f1os conflictos armados empiezan a ser la norma. La ca\u00edda del multilateralismo y el debilitamiento de los organismos internacionales generan un escenario m\u00e1s \u2018muscular\u2019, donde se recurre a la fuerza para resolver disputas\u201d, explic\u00f3.<\/p>\n\n\n\n<p>En ese marco, analiz\u00f3 la reciente escalada entre Estados Unidos e Ir\u00e1n. Seg\u00fan indic\u00f3, la estrategia inicial de Washington apuntaba a una operaci\u00f3n r\u00e1pida. \u201cEstados Unidos quiso un conflicto corto, pero subi\u00f3 mucho la apuesta cuando asesin\u00f3 al l\u00edder religioso iran\u00ed. Es dif\u00edcil pensar que realmente creyeran que eso no iba a tener consecuencias\u201d, se\u00f1al\u00f3.<\/p>\n\n\n\n<figure class=\"wp-block-image size-large\"><img decoding=\"async\" src=\"https:\/\/www.elliberal.com.ar\/img\/publicaciones\/2025\/10\/12\/alta\/1151424.jpg\" alt=\"\" \/><\/figure>\n\n\n\n<p>La reacci\u00f3n iran\u00ed, seg\u00fan el especialista, consisti\u00f3 en aumentar el costo regional del conflicto para Washington. \u201cIr\u00e1n decidi\u00f3 responder haci\u00e9ndole m\u00e1s caro a los pa\u00edses del Golfo el apoyo a Estados Unidos y atac\u00f3 objetivos en Bahr\u00e9in, Qatar y Emiratos\u201d, explic\u00f3.<\/p>\n\n\n\n<p>Para Negri, ese movimiento abre la posibilidad de una escalada m\u00e1s prolongada. \u201cPodr\u00edamos estar frente a un conflicto de mayor duraci\u00f3n, algo parecido a lo que ocurri\u00f3 con la guerra entre Rusia y Ucrania\u201d, advirti\u00f3.<\/p>\n\n\n\n<p>Sin embargo, descart\u00f3 que la situaci\u00f3n derive en una guerra mundial. \u201cLa probabilidad de una tercera guerra mundial es baja porque China dif\u00edcilmente intervenga militarmente. Aunque es una potencia en ascenso, hoy no parece dispuesta a involucrarse directamente\u201d, se\u00f1al\u00f3.<\/p>\n\n\n\n<p>Finalmente, el analista destac\u00f3 que el rumbo de la pol\u00edtica internacional tambi\u00e9n puede depender de factores dom\u00e9sticos en Estados Unidos. \u201cPodemos pensar en geopol\u00edtica, armamentos y rivalidades entre potencias, pero al final muchas decisiones se terminan definiendo por cuestiones internas, incluso por el impacto econ\u00f3mico en la vida cotidiana de los votantes\u201d, concluy\u00f3.<\/p>\n\n\n\n<figure class=\"wp-block-image size-large\"><img loading=\"lazy\" decoding=\"async\" width=\"1024\" height=\"256\" src=\"https:\/\/federalnoticias.fmmiradio.com\/wp-content\/uploads\/2024\/11\/Blue-Modern-Professional-LinkedIn-Banner-7-1024x256.png\" alt=\"\" class=\"wp-image-1926\" srcset=\"https:\/\/federalnoticias.fmmiradio.com\/wp-content\/uploads\/2024\/11\/Blue-Modern-Professional-LinkedIn-Banner-7-1024x256.png 1024w, https:\/\/federalnoticias.fmmiradio.com\/wp-content\/uploads\/2024\/11\/Blue-Modern-Professional-LinkedIn-Banner-7-300x75.png 300w, https:\/\/federalnoticias.fmmiradio.com\/wp-content\/uploads\/2024\/11\/Blue-Modern-Professional-LinkedIn-Banner-7-768x192.png 768w, https:\/\/federalnoticias.fmmiradio.com\/wp-content\/uploads\/2024\/11\/Blue-Modern-Professional-LinkedIn-Banner-7-1536x384.png 1536w, https:\/\/federalnoticias.fmmiradio.com\/wp-content\/uploads\/2024\/11\/Blue-Modern-Professional-LinkedIn-Banner-7.png 1584w\" sizes=\"auto, (max-width: 1024px) 100vw, 1024px\" \/><\/figure>\n","protected":false},"excerpt":{"rendered":"<p>Ante la escalada b\u00e9lica, el analista internacional Juan Negri cuestion\u00f3 la estrategia exterior del Gobierno y el costo de una lealtad total hacia Donald Trump. El analista internacional Juan Negri alert\u00f3 que el fuerte alineamiento del gobierno argentino con Estados Unidos en el conflicto de Medio Oriente puede exponer al pa\u00eds a riesgos geopol\u00edticos en &hellip;<\/p>\n","protected":false},"author":4,"featured_media":3240,"comment_status":"open","ping_status":"open","sticky":false,"template":"","format":"standard","meta":{"footnotes":""},"categories":[107],"tags":[],"class_list":["post-3239","post","type-post","status-publish","format-standard","has-post-thumbnail","","category-internacionales"],"yoast_head":"<!-- This site is optimized with the Yoast SEO plugin v26.8 - https:\/\/yoast.com\/product\/yoast-seo-wordpress\/ -->\n<title>\u00bfQu\u00e9 riesgos enfrenta Argentina por su alineamiento con Washington en el conflicto de Medio Oriente? - FEDERAL NOTICIAS<\/title>\n<meta name=\"robots\" content=\"index, follow, max-snippet:-1, max-image-preview:large, max-video-preview:-1\" \/>\n<link rel=\"canonical\" href=\"https:\/\/federalnoticias.fmmiradio.com\/?p=3239\" \/>\n<meta property=\"og:locale\" content=\"es_ES\" \/>\n<meta property=\"og:type\" content=\"article\" \/>\n<meta property=\"og:title\" content=\"\u00bfQu\u00e9 riesgos enfrenta Argentina por su alineamiento con Washington en el conflicto de Medio Oriente? - FEDERAL NOTICIAS\" \/>\n<meta property=\"og:description\" content=\"Ante la escalada b\u00e9lica, el analista internacional Juan Negri cuestion\u00f3 la estrategia exterior del Gobierno y el costo de una lealtad total hacia Donald Trump. El analista internacional Juan Negri alert\u00f3 que el fuerte alineamiento del gobierno argentino con Estados Unidos en el conflicto de Medio Oriente puede exponer al pa\u00eds a riesgos geopol\u00edticos en &hellip;\" \/>\n<meta property=\"og:url\" content=\"https:\/\/federalnoticias.fmmiradio.com\/?p=3239\" \/>\n<meta property=\"og:site_name\" content=\"FEDERAL NOTICIAS\" \/>\n<meta property=\"article:published_time\" content=\"2026-03-07T17:19:09+00:00\" \/>\n<meta property=\"article:modified_time\" content=\"2026-03-07T17:19:11+00:00\" \/>\n<meta property=\"og:image\" content=\"https:\/\/federalnoticias.fmmiradio.com\/wp-content\/uploads\/2026\/03\/Sin-titulo-2.jpg\" \/>\n\t<meta property=\"og:image:width\" content=\"1280\" \/>\n\t<meta property=\"og:image:height\" content=\"720\" \/>\n\t<meta property=\"og:image:type\" content=\"image\/jpeg\" \/>\n<meta name=\"author\" content=\"federal\" \/>\n<meta name=\"twitter:card\" content=\"summary_large_image\" \/>\n<meta name=\"twitter:label1\" content=\"Escrito por\" \/>\n\t<meta name=\"twitter:data1\" content=\"federal\" \/>\n\t<meta name=\"twitter:label2\" content=\"Tiempo de lectura\" \/>\n\t<meta name=\"twitter:data2\" content=\"4 minutos\" \/>\n<script type=\"application\/ld+json\" class=\"yoast-schema-graph\">{\"@context\":\"https:\/\/schema.org\",\"@graph\":[{\"@type\":\"Article\",\"@id\":\"https:\/\/federalnoticias.fmmiradio.com\/?p=3239#article\",\"isPartOf\":{\"@id\":\"https:\/\/federalnoticias.fmmiradio.com\/?p=3239\"},\"author\":{\"name\":\"federal\",\"@id\":\"https:\/\/federalnoticias.fmmiradio.com\/#\/schema\/person\/657e2894f63f5840174f25b5548137ff\"},\"headline\":\"\u00bfQu\u00e9 riesgos enfrenta Argentina por su alineamiento con Washington en el conflicto de Medio Oriente?\",\"datePublished\":\"2026-03-07T17:19:09+00:00\",\"dateModified\":\"2026-03-07T17:19:11+00:00\",\"mainEntityOfPage\":{\"@id\":\"https:\/\/federalnoticias.fmmiradio.com\/?p=3239\"},\"wordCount\":684,\"commentCount\":0,\"image\":{\"@id\":\"https:\/\/federalnoticias.fmmiradio.com\/?p=3239#primaryimage\"},\"thumbnailUrl\":\"https:\/\/federalnoticias.fmmiradio.com\/wp-content\/uploads\/2026\/03\/Sin-titulo-2.jpg\",\"articleSection\":[\"INTERNACIONALES\"],\"inLanguage\":\"es\",\"potentialAction\":[{\"@type\":\"CommentAction\",\"name\":\"Comment\",\"target\":[\"https:\/\/federalnoticias.fmmiradio.com\/?p=3239#respond\"]}]},{\"@type\":\"WebPage\",\"@id\":\"https:\/\/federalnoticias.fmmiradio.com\/?p=3239\",\"url\":\"https:\/\/federalnoticias.fmmiradio.com\/?p=3239\",\"name\":\"\u00bfQu\u00e9 riesgos enfrenta Argentina por su alineamiento con Washington en el conflicto de Medio Oriente? - FEDERAL NOTICIAS\",\"isPartOf\":{\"@id\":\"https:\/\/federalnoticias.fmmiradio.com\/#website\"},\"primaryImageOfPage\":{\"@id\":\"https:\/\/federalnoticias.fmmiradio.com\/?p=3239#primaryimage\"},\"image\":{\"@id\":\"https:\/\/federalnoticias.fmmiradio.com\/?p=3239#primaryimage\"},\"thumbnailUrl\":\"https:\/\/federalnoticias.fmmiradio.com\/wp-content\/uploads\/2026\/03\/Sin-titulo-2.jpg\",\"datePublished\":\"2026-03-07T17:19:09+00:00\",\"dateModified\":\"2026-03-07T17:19:11+00:00\",\"author\":{\"@id\":\"https:\/\/federalnoticias.fmmiradio.com\/#\/schema\/person\/657e2894f63f5840174f25b5548137ff\"},\"breadcrumb\":{\"@id\":\"https:\/\/federalnoticias.fmmiradio.com\/?p=3239#breadcrumb\"},\"inLanguage\":\"es\",\"potentialAction\":[{\"@type\":\"ReadAction\",\"target\":[\"https:\/\/federalnoticias.fmmiradio.com\/?p=3239\"]}]},{\"@type\":\"ImageObject\",\"inLanguage\":\"es\",\"@id\":\"https:\/\/federalnoticias.fmmiradio.com\/?p=3239#primaryimage\",\"url\":\"https:\/\/federalnoticias.fmmiradio.com\/wp-content\/uploads\/2026\/03\/Sin-titulo-2.jpg\",\"contentUrl\":\"https:\/\/federalnoticias.fmmiradio.com\/wp-content\/uploads\/2026\/03\/Sin-titulo-2.jpg\",\"width\":1280,\"height\":720},{\"@type\":\"BreadcrumbList\",\"@id\":\"https:\/\/federalnoticias.fmmiradio.com\/?p=3239#breadcrumb\",\"itemListElement\":[{\"@type\":\"ListItem\",\"position\":1,\"name\":\"Portada\",\"item\":\"https:\/\/federalnoticias.fmmiradio.com\/\"},{\"@type\":\"ListItem\",\"position\":2,\"name\":\"\u00bfQu\u00e9 riesgos enfrenta Argentina por su alineamiento con Washington en el conflicto de Medio Oriente?\"}]},{\"@type\":\"WebSite\",\"@id\":\"https:\/\/federalnoticias.fmmiradio.com\/#website\",\"url\":\"https:\/\/federalnoticias.fmmiradio.com\/\",\"name\":\"FEDERAL NOTICIAS\",\"description\":\"\",\"potentialAction\":[{\"@type\":\"SearchAction\",\"target\":{\"@type\":\"EntryPoint\",\"urlTemplate\":\"https:\/\/federalnoticias.fmmiradio.com\/?s={search_term_string}\"},\"query-input\":{\"@type\":\"PropertyValueSpecification\",\"valueRequired\":true,\"valueName\":\"search_term_string\"}}],\"inLanguage\":\"es\"},{\"@type\":\"Person\",\"@id\":\"https:\/\/federalnoticias.fmmiradio.com\/#\/schema\/person\/657e2894f63f5840174f25b5548137ff\",\"name\":\"federal\",\"image\":{\"@type\":\"ImageObject\",\"inLanguage\":\"es\",\"@id\":\"https:\/\/federalnoticias.fmmiradio.com\/#\/schema\/person\/image\/\",\"url\":\"https:\/\/secure.gravatar.com\/avatar\/f6ee1541937ff3e68dac011173779bde?s=96&d=mm&r=g\",\"contentUrl\":\"https:\/\/secure.gravatar.com\/avatar\/f6ee1541937ff3e68dac011173779bde?s=96&d=mm&r=g\",\"caption\":\"federal\"},\"url\":\"https:\/\/federalnoticias.fmmiradio.com\/?author=4\"}]}<\/script>\n<!-- \/ Yoast SEO plugin. -->","yoast_head_json":{"title":"\u00bfQu\u00e9 riesgos enfrenta Argentina por su alineamiento con Washington en el conflicto de Medio Oriente? - FEDERAL NOTICIAS","robots":{"index":"index","follow":"follow","max-snippet":"max-snippet:-1","max-image-preview":"max-image-preview:large","max-video-preview":"max-video-preview:-1"},"canonical":"https:\/\/federalnoticias.fmmiradio.com\/?p=3239","og_locale":"es_ES","og_type":"article","og_title":"\u00bfQu\u00e9 riesgos enfrenta Argentina por su alineamiento con Washington en el conflicto de Medio Oriente? - FEDERAL NOTICIAS","og_description":"Ante la escalada b\u00e9lica, el analista internacional Juan Negri cuestion\u00f3 la estrategia exterior del Gobierno y el costo de una lealtad total hacia Donald Trump. El analista internacional Juan Negri alert\u00f3 que el fuerte alineamiento del gobierno argentino con Estados Unidos en el conflicto de Medio Oriente puede exponer al pa\u00eds a riesgos geopol\u00edticos en &hellip;","og_url":"https:\/\/federalnoticias.fmmiradio.com\/?p=3239","og_site_name":"FEDERAL NOTICIAS","article_published_time":"2026-03-07T17:19:09+00:00","article_modified_time":"2026-03-07T17:19:11+00:00","og_image":[{"width":1280,"height":720,"url":"https:\/\/federalnoticias.fmmiradio.com\/wp-content\/uploads\/2026\/03\/Sin-titulo-2.jpg","type":"image\/jpeg"}],"author":"federal","twitter_card":"summary_large_image","twitter_misc":{"Escrito por":"federal","Tiempo de lectura":"4 minutos"},"schema":{"@context":"https:\/\/schema.org","@graph":[{"@type":"Article","@id":"https:\/\/federalnoticias.fmmiradio.com\/?p=3239#article","isPartOf":{"@id":"https:\/\/federalnoticias.fmmiradio.com\/?p=3239"},"author":{"name":"federal","@id":"https:\/\/federalnoticias.fmmiradio.com\/#\/schema\/person\/657e2894f63f5840174f25b5548137ff"},"headline":"\u00bfQu\u00e9 riesgos enfrenta Argentina por su alineamiento con Washington en el conflicto de Medio Oriente?","datePublished":"2026-03-07T17:19:09+00:00","dateModified":"2026-03-07T17:19:11+00:00","mainEntityOfPage":{"@id":"https:\/\/federalnoticias.fmmiradio.com\/?p=3239"},"wordCount":684,"commentCount":0,"image":{"@id":"https:\/\/federalnoticias.fmmiradio.com\/?p=3239#primaryimage"},"thumbnailUrl":"https:\/\/federalnoticias.fmmiradio.com\/wp-content\/uploads\/2026\/03\/Sin-titulo-2.jpg","articleSection":["INTERNACIONALES"],"inLanguage":"es","potentialAction":[{"@type":"CommentAction","name":"Comment","target":["https:\/\/federalnoticias.fmmiradio.com\/?p=3239#respond"]}]},{"@type":"WebPage","@id":"https:\/\/federalnoticias.fmmiradio.com\/?p=3239","url":"https:\/\/federalnoticias.fmmiradio.com\/?p=3239","name":"\u00bfQu\u00e9 riesgos enfrenta Argentina por su alineamiento con Washington en el conflicto de Medio Oriente? - FEDERAL NOTICIAS","isPartOf":{"@id":"https:\/\/federalnoticias.fmmiradio.com\/#website"},"primaryImageOfPage":{"@id":"https:\/\/federalnoticias.fmmiradio.com\/?p=3239#primaryimage"},"image":{"@id":"https:\/\/federalnoticias.fmmiradio.com\/?p=3239#primaryimage"},"thumbnailUrl":"https:\/\/federalnoticias.fmmiradio.com\/wp-content\/uploads\/2026\/03\/Sin-titulo-2.jpg","datePublished":"2026-03-07T17:19:09+00:00","dateModified":"2026-03-07T17:19:11+00:00","author":{"@id":"https:\/\/federalnoticias.fmmiradio.com\/#\/schema\/person\/657e2894f63f5840174f25b5548137ff"},"breadcrumb":{"@id":"https:\/\/federalnoticias.fmmiradio.com\/?p=3239#breadcrumb"},"inLanguage":"es","potentialAction":[{"@type":"ReadAction","target":["https:\/\/federalnoticias.fmmiradio.com\/?p=3239"]}]},{"@type":"ImageObject","inLanguage":"es","@id":"https:\/\/federalnoticias.fmmiradio.com\/?p=3239#primaryimage","url":"https:\/\/federalnoticias.fmmiradio.com\/wp-content\/uploads\/2026\/03\/Sin-titulo-2.jpg","contentUrl":"https:\/\/federalnoticias.fmmiradio.com\/wp-content\/uploads\/2026\/03\/Sin-titulo-2.jpg","width":1280,"height":720},{"@type":"BreadcrumbList","@id":"https:\/\/federalnoticias.fmmiradio.com\/?p=3239#breadcrumb","itemListElement":[{"@type":"ListItem","position":1,"name":"Portada","item":"https:\/\/federalnoticias.fmmiradio.com\/"},{"@type":"ListItem","position":2,"name":"\u00bfQu\u00e9 riesgos enfrenta Argentina por su alineamiento con Washington en el conflicto de Medio Oriente?"}]},{"@type":"WebSite","@id":"https:\/\/federalnoticias.fmmiradio.com\/#website","url":"https:\/\/federalnoticias.fmmiradio.com\/","name":"FEDERAL NOTICIAS","description":"","potentialAction":[{"@type":"SearchAction","target":{"@type":"EntryPoint","urlTemplate":"https:\/\/federalnoticias.fmmiradio.com\/?s={search_term_string}"},"query-input":{"@type":"PropertyValueSpecification","valueRequired":true,"valueName":"search_term_string"}}],"inLanguage":"es"},{"@type":"Person","@id":"https:\/\/federalnoticias.fmmiradio.com\/#\/schema\/person\/657e2894f63f5840174f25b5548137ff","name":"federal","image":{"@type":"ImageObject","inLanguage":"es","@id":"https:\/\/federalnoticias.fmmiradio.com\/#\/schema\/person\/image\/","url":"https:\/\/secure.gravatar.com\/avatar\/f6ee1541937ff3e68dac011173779bde?s=96&d=mm&r=g","contentUrl":"https:\/\/secure.gravatar.com\/avatar\/f6ee1541937ff3e68dac011173779bde?s=96&d=mm&r=g","caption":"federal"},"url":"https:\/\/federalnoticias.fmmiradio.com\/?author=4"}]}},"_links":{"self":[{"href":"https:\/\/federalnoticias.fmmiradio.com\/index.php?rest_route=\/wp\/v2\/posts\/3239","targetHints":{"allow":["GET"]}}],"collection":[{"href":"https:\/\/federalnoticias.fmmiradio.com\/index.php?rest_route=\/wp\/v2\/posts"}],"about":[{"href":"https:\/\/federalnoticias.fmmiradio.com\/index.php?rest_route=\/wp\/v2\/types\/post"}],"author":[{"embeddable":true,"href":"https:\/\/federalnoticias.fmmiradio.com\/index.php?rest_route=\/wp\/v2\/users\/4"}],"replies":[{"embeddable":true,"href":"https:\/\/federalnoticias.fmmiradio.com\/index.php?rest_route=%2Fwp%2Fv2%2Fcomments&post=3239"}],"version-history":[{"count":1,"href":"https:\/\/federalnoticias.fmmiradio.com\/index.php?rest_route=\/wp\/v2\/posts\/3239\/revisions"}],"predecessor-version":[{"id":3241,"href":"https:\/\/federalnoticias.fmmiradio.com\/index.php?rest_route=\/wp\/v2\/posts\/3239\/revisions\/3241"}],"wp:featuredmedia":[{"embeddable":true,"href":"https:\/\/federalnoticias.fmmiradio.com\/index.php?rest_route=\/wp\/v2\/media\/3240"}],"wp:attachment":[{"href":"https:\/\/federalnoticias.fmmiradio.com\/index.php?rest_route=%2Fwp%2Fv2%2Fmedia&parent=3239"}],"wp:term":[{"taxonomy":"category","embeddable":true,"href":"https:\/\/federalnoticias.fmmiradio.com\/index.php?rest_route=%2Fwp%2Fv2%2Fcategories&post=3239"},{"taxonomy":"post_tag","embeddable":true,"href":"https:\/\/federalnoticias.fmmiradio.com\/index.php?rest_route=%2Fwp%2Fv2%2Ftags&post=3239"}],"curies":[{"name":"wp","href":"https:\/\/api.w.org\/{rel}","templated":true}]}}